{"id":2589,"date":"2024-08-27T13:00:20","date_gmt":"2024-08-27T11:00:20","guid":{"rendered":"https:\/\/force-legal.com\/infos\/?p=2589"},"modified":"2024-08-27T18:42:32","modified_gmt":"2024-08-27T16:42:32","slug":"la-responsabilite-des-administrateurs-vis-a-vis-des-dettes-dune-societe-clarifications-par-force-legal","status":"publish","type":"post","link":"https:\/\/force-legal.com\/infos\/2024\/08\/27\/la-responsabilite-des-administrateurs-vis-a-vis-des-dettes-dune-societe-clarifications-par-force-legal\/","title":{"rendered":"La responsabilit\u00e9 des administrateurs vis-\u00e0-vis des dettes d&rsquo;une soci\u00e9t\u00e9 : clarifications par Force-L\u00e9gal"},"content":{"rendered":"<p>La question de la <a href=\"https:\/\/force-legal.com\/responsabilites-des-administrateurs\/\">responsabilit\u00e9 des administrateurs<\/a> pour les dettes d&rsquo;une soci\u00e9t\u00e9 par actions est une pr\u00e9occupation majeure pour ceux qui occupent ces postes de gouvernance. Serge Girard, avocat sp\u00e9cialis\u00e9 en droit des affaires chez Force-L\u00e9gal, apporte des \u00e9claircissements essentiels sur ce sujet, soulignant l&rsquo;importance de l&rsquo;action dans le cadre l\u00e9gal et \u00e9thique pour \u00e9viter les implications personnelles.<\/p>\n<h2>Le cadre de responsabilit\u00e9 des administrateurs<\/h2>\n<p>Les administrateurs d&rsquo;une soci\u00e9t\u00e9 par actions ont la charge de g\u00e9rer les affaires de l&rsquo;entreprise, une responsabilit\u00e9 qui les oblige \u00e0 agir avec prudence, diligence, et loyaut\u00e9. Ces obligations, bien que lourdes, d\u00e9finissent un cadre clair d&rsquo;action qui, lorsqu&rsquo;il est respect\u00e9, prot\u00e8ge les administrateurs d&rsquo;une responsabilit\u00e9 personnelle pour les dettes de l&rsquo;entreprise.<\/p>\n<h2>Conditions de non-responsabilit\u00e9<\/h2>\n<p>La loi pr\u00e9voit que, tant que les administrateurs agissent \u00e0 l&rsquo;int\u00e9rieur des limites de leurs obligations l\u00e9gales et \u00e9thiques, ils ne sont pas personnellement responsables des dettes de la soci\u00e9t\u00e9. Cela signifie que, dans le cas o\u00f9 l&rsquo;entreprise serait d\u00e9faillante vis-\u00e0-vis d&rsquo;un fournisseur ou d&rsquo;un cr\u00e9ancier, ces derniers ne peuvent normalement pas se retourner contre les administrateurs pour recouvrer les sommes dues.<\/p>\n<h2>Exceptions \u00e0 la r\u00e8gle<\/h2>\n<p>Il existe n\u00e9anmoins des situations o\u00f9 les administrateurs peuvent \u00eatre tenus responsables sur le plan personnel. Si les administrateurs prennent des d\u00e9cisions qui s&rsquo;\u00e9cartent de leur obligation de comp\u00e9tence, de diligence, et de prudence \u2014 par exemple, en engageant l&rsquo;entreprise dans des transactions risqu\u00e9es sans une \u00e9valuation ad\u00e9quate \u2014 ils pourraient \u00eatre jug\u00e9s responsables des cons\u00e9quences financi\u00e8res d\u00e9coulant de ces d\u00e9cisions.<\/p>\n<h2>L&rsquo;importance d&rsquo;agir dans le cadre l\u00e9gal<\/h2>\n<p>Serge Girard insiste sur le fait que la cl\u00e9 pour \u00e9viter la responsabilit\u00e9 personnelle r\u00e9side dans l&rsquo;adh\u00e9sion stricte au cadre l\u00e9gal et \u00e9thique \u00e9tabli par la loi. Cette approche ne prot\u00e8ge pas seulement les int\u00e9r\u00eats personnels des administrateurs, mais assure \u00e9galement la gestion responsable et transparente de l&rsquo;entreprise, contribuant \u00e0 sa stabilit\u00e9 et \u00e0 sa croissance \u00e0 long terme.<\/p>\n<h2>Force-L\u00e9gal : votre alli\u00e9 en droit des affaires<\/h2>\n<p>Le cabinet Force-L\u00e9gal, avec des experts tels que Serge Girard, est pr\u00eat \u00e0 offrir des conseils juridiques et un soutien \u00e0 ceux qui naviguent dans le complexe monde de la gouvernance d&rsquo;entreprise. Que ce soit pour des questions sur la responsabilit\u00e9 des administrateurs ou toute autre pr\u00e9occupation en droit des affaires, <a href=\"https:\/\/force-legal.com\/equipe\/\">notre \u00e9quipe<\/a> est \u00e0 votre disposition pour vous assister et vous guider.<\/p>\n<h2>Conclusion<\/h2>\n<p>La responsabilit\u00e9 des administrateurs vis-\u00e0-vis des dettes d&rsquo;une soci\u00e9t\u00e9 est un domaine juridique complexe qui n\u00e9cessite une compr\u00e9hension et une application rigoureuses des principes de gouvernance. Avec l&rsquo;expertise et le soutien de Force-L\u00e9gal, les administrateurs peuvent s&rsquo;assurer qu&rsquo;ils agissent dans le meilleur int\u00e9r\u00eat de leur entreprise tout en prot\u00e9geant leurs int\u00e9r\u00eats personnels. Pour toute assistance juridique, n&rsquo;h\u00e9sitez pas \u00e0 contacter via <a href=\"https:\/\/force-legal.com\/contactez-nous\/\">notre site web Force-L\u00e9gal<\/a> ou \u00e0 composer le <a href=\"tel:4502187088\">450-218-7088<\/a> . Ensemble, fa\u00e7onnons une gouvernance d&rsquo;entreprise responsable et s\u00e9curis\u00e9e.<\/p>\n","protected":false},"excerpt":{"rendered":"<p>La question de la responsabilit\u00e9 des administrateurs pour les dettes [&hellip;]<\/p>\n","protected":false},"author":1,"featured_media":2592,"comment_status":"open","ping_status":"open","sticky":false,"template":"","format":"standard","meta":{"footnotes":""},"categories":[32],"tags":[],"class_list":["post-2589","post","type-post","status-publish","format-standard","has-post-thumbnail","hentry","category-responsabilite-administrateurs"],"_links":{"self":[{"href":"https:\/\/force-legal.com\/infos\/wp-json\/wp\/v2\/posts\/2589"}],"collection":[{"href":"https:\/\/force-legal.com\/infos\/wp-json\/wp\/v2\/posts"}],"about":[{"href":"https:\/\/force-legal.com\/infos\/wp-json\/wp\/v2\/types\/post"}],"author":[{"embeddable":true,"href":"https:\/\/force-legal.com\/infos\/wp-json\/wp\/v2\/users\/1"}],"replies":[{"embeddable":true,"href":"https:\/\/force-legal.com\/infos\/wp-json\/wp\/v2\/comments?post=2589"}],"version-history":[{"count":3,"href":"https:\/\/force-legal.com\/infos\/wp-json\/wp\/v2\/posts\/2589\/revisions"}],"predecessor-version":[{"id":2593,"href":"https:\/\/force-legal.com\/infos\/wp-json\/wp\/v2\/posts\/2589\/revisions\/2593"}],"wp:featuredmedia":[{"embeddable":true,"href":"https:\/\/force-legal.com\/infos\/wp-json\/wp\/v2\/media\/2592"}],"wp:attachment":[{"href":"https:\/\/force-legal.com\/infos\/wp-json\/wp\/v2\/media?parent=2589"}],"wp:term":[{"taxonomy":"category","embeddable":true,"href":"https:\/\/force-legal.com\/infos\/wp-json\/wp\/v2\/categories?post=2589"},{"taxonomy":"post_tag","embeddable":true,"href":"https:\/\/force-legal.com\/infos\/wp-json\/wp\/v2\/tags?post=2589"}],"curies":[{"name":"wp","href":"https:\/\/api.w.org\/{rel}","templated":true}]}}